{"id":11969,"date":"2026-09-01T17:13:17","date_gmt":"2026-09-01T15:13:17","guid":{"rendered":"https:\/\/www.lesestunden.de\/?p=11969"},"modified":"2026-09-01T17:16:09","modified_gmt":"2026-09-01T15:16:09","slug":"ein-winter-auf-mallorca-george-sand","status":"publish","type":"post","link":"https:\/\/www.lesestunden.de\/en\/2026\/09\/a-winter-in-majorca-george-sand\/","title":{"rendered":"A Winter in Majorca \u2022 George Sand"},"content":{"rendered":"\r\n<p class=\"wp-block-paragraph\">George Sand spent the winter of 1838 to 1839 on Mallorca together with her children and Fr\u00e9d\u00e9ric Chopin. Following medical advice, the climate of the island was supposed to improve her son\u2019s health as well as Chopin\u2019s. And so the well-connected author set off with her family and her lover. Naturally, she intended to write a book about the journey, and since my own holiday brought me to these shores, it was clear that this book would become my vacation read. Of course, I also visited the picturesquely situated Charterhouse of Valldemossa. Read here about my literary journey and whether the book is worth reading on the local La Terraza.<\/p>\r\n\r\n\r\n\r\n<figure class=\"wp-block-image alignwide size-full\"><a href=\"https:\/\/www.lesestunden.de\/wp-content\/uploads\/2026\/08\/ein_winter_auf_mallorca_3-scaled.jpg\"><img loading=\"lazy\" decoding=\"async\" width=\"2560\" height=\"1789\" src=\"https:\/\/www.lesestunden.de\/wp-content\/uploads\/2026\/08\/ein_winter_auf_mallorca_3-scaled.jpg\" alt=\"Ein Winter auf Mallorca von George Sand\" class=\"wp-image-11973\" srcset=\"https:\/\/www.lesestunden.de\/wp-content\/uploads\/2026\/08\/ein_winter_auf_mallorca_3-scaled.jpg 2560w, https:\/\/www.lesestunden.de\/wp-content\/uploads\/2026\/08\/ein_winter_auf_mallorca_3-300x210.jpg 300w, https:\/\/www.lesestunden.de\/wp-content\/uploads\/2026\/08\/ein_winter_auf_mallorca_3-1024x716.jpg 1024w, https:\/\/www.lesestunden.de\/wp-content\/uploads\/2026\/08\/ein_winter_auf_mallorca_3-768x537.jpg 768w, https:\/\/www.lesestunden.de\/wp-content\/uploads\/2026\/08\/ein_winter_auf_mallorca_3-1536x1073.jpg 1536w, https:\/\/www.lesestunden.de\/wp-content\/uploads\/2026\/08\/ein_winter_auf_mallorca_3-2048x1431.jpg 2048w, https:\/\/www.lesestunden.de\/wp-content\/uploads\/2026\/08\/ein_winter_auf_mallorca_3-1920x1342.jpg 1920w\" sizes=\"auto, (max-width: 959px) 688px, (max-width: 1023px) 768px, (max-width: 1279px) 848px, 100vw\" \/><\/a><\/figure>\r\n\r\n\r\n\r\n<p class=\"wp-block-paragraph\">I have already read several books by George Sand, most recently <em><a href=\"https:\/\/www.lesestunden.de\/en\/2026\/05\/nanon-george-sand\/\" title=\"Nanon\">Nanon<\/a><\/em>, and I have always enjoyed her landscape descriptions. <em>Un hiver \u00e0 Majorque<\/em> was published in 1842 and recounts her winter on Mallorca. Her son suffered from a rheumatic illness, and her lover Fr\u00e9d\u00e9ric Chopin had tuberculosis, so the island\u2019s climate seemed ideal. This later turned out to be a mistake, as the winter rains were heavy and worsened Chopin\u2019s condition considerably. Yet it clearly did not harm his artistic inspiration, since Chopin composed some of his most famous pieces in the solitude of the Charterhouse.<\/p>\r\n\r\n\r\n\r\n<p class=\"wp-block-paragraph\">Divided into three parts, Sand introduces the island of Mallorca and recounts her time there. Personal impressions blend with factual observations, giving the book a lively tone. In the first part, Sand provides background information on the island, looks at agriculture and the economy with a satirical eye, reflects on travel itself, and describes her journey and first days on Mallorca. In the second part, she offers a cultural overview, discusses the Moorish past and Arabic architecture, comments on Palma\u2019s most important buildings, and includes the occasional anecdote. She even dares a glance at the Inquisition, which she criticizes through a cleverly constructed dialogue between two men. I found this second part rather slow and not particularly entertaining, even though one does learn a few things. Only the third part truly captivated me. There she describes her move to Valldemossa, portrays monastic life, depicts the Mallorcans, and especially the winter routine in the Charterhouse. Here we again find beautiful landscape descriptions and her overly romanticized image of the beautiful young peasant woman, which already appeared prominently in <em><a href=\"https:\/\/www.lesestunden.de\/en\/2026\/05\/nanon-george-sand\/\" title=\"Nanon\">Nanon<\/a><\/em>. I found this very well done.<\/p>\r\n\r\n\r\n\r\n<figure class=\"wp-block-image alignwide size-full\"><a href=\"https:\/\/www.lesestunden.de\/wp-content\/uploads\/2026\/08\/ein_winter_auf_mallorca_6.jpg\"><img loading=\"lazy\" decoding=\"async\" width=\"1920\" height=\"1440\" src=\"https:\/\/www.lesestunden.de\/wp-content\/uploads\/2026\/08\/ein_winter_auf_mallorca_6.jpg\" alt=\"Ein Winter auf Mallorca von George Sand\" class=\"wp-image-11976\" srcset=\"https:\/\/www.lesestunden.de\/wp-content\/uploads\/2026\/08\/ein_winter_auf_mallorca_6.jpg 1920w, https:\/\/www.lesestunden.de\/wp-content\/uploads\/2026\/08\/ein_winter_auf_mallorca_6-300x225.jpg 300w, https:\/\/www.lesestunden.de\/wp-content\/uploads\/2026\/08\/ein_winter_auf_mallorca_6-1024x768.jpg 1024w, https:\/\/www.lesestunden.de\/wp-content\/uploads\/2026\/08\/ein_winter_auf_mallorca_6-768x576.jpg 768w, https:\/\/www.lesestunden.de\/wp-content\/uploads\/2026\/08\/ein_winter_auf_mallorca_6-1536x1152.jpg 1536w\" sizes=\"auto, (max-width: 959px) 688px, (max-width: 1023px) 768px, (max-width: 1279px) 848px, 100vw\" \/><\/a><\/figure>\r\n\r\n\r\n\r\n<p class=\"wp-block-paragraph\">Valldemossa, the view toward the sea across the mountains of the Serra de Tramuntana, the small mountain village that is full of tourists in summer (yet never feels overcrowded), the little Charterhouse, the winding roads leading up to the monastery \u2014 all of it is beautiful and a pleasure to behold. It is immediately clear why Sand chose this lovely corner of the world as her residence. When Sand describes how it took her seven hours to travel from Palma back to the Charterhouse in the pouring winter rain, it is fascinating to compare that with today\u2019s shortcut through a tunnel, which gets you there in forty minutes by car. The biggest challenge these days? The parking meter, which apparently has not been updated since Sand\u2019s stay. Standing in the Charterhouse\u2019s garden, looking between cypress trees out toward the sea on the horizon, one can easily imagine Sand writing her lines here, accompanied by Chopin\u2019s \u201cRaindrop Prelude.\u201d The place is stunning and definitely one of the most beautiful spots on the island.<\/p>\r\n\r\n\r\n\r\n<blockquote class=\"wp-block-quote is-layout-flow wp-block-quote-is-layout-flow\">\r\n<p class=\"wp-block-paragraph\">&#8220;At every bend in the road, from considerable height, we were offered a magnificent view of the sea over the most beautiful vegetation. It was the first time I had seen shores covered with trees and lush greenery all the way down to the waterline, without pale cliffs, barren coasts, or muddy beaches.&#8221; The remainder of the passage describes how the sea appeared crystal clear and blue, framed by dark green forest, and how each step along the winding mountain path revealed yet another breathtaking view \u2014 though Sand notes that an even more sublime coastline awaited her a few months later.<\/p>\r\n<\/blockquote>\r\n\r\n\r\n\r\n<figure class=\"wp-block-image alignwide size-full\"><a href=\"https:\/\/www.lesestunden.de\/wp-content\/uploads\/2026\/08\/ein_winter_auf_mallorca_4.jpg\"><img loading=\"lazy\" decoding=\"async\" width=\"1920\" height=\"1300\" src=\"https:\/\/www.lesestunden.de\/wp-content\/uploads\/2026\/08\/ein_winter_auf_mallorca_4.jpg\" alt=\"Ein Winter auf Mallorca von George Sand\" class=\"wp-image-11974\" srcset=\"https:\/\/www.lesestunden.de\/wp-content\/uploads\/2026\/08\/ein_winter_auf_mallorca_4.jpg 1920w, https:\/\/www.lesestunden.de\/wp-content\/uploads\/2026\/08\/ein_winter_auf_mallorca_4-300x203.jpg 300w, https:\/\/www.lesestunden.de\/wp-content\/uploads\/2026\/08\/ein_winter_auf_mallorca_4-1024x693.jpg 1024w, https:\/\/www.lesestunden.de\/wp-content\/uploads\/2026\/08\/ein_winter_auf_mallorca_4-768x520.jpg 768w, https:\/\/www.lesestunden.de\/wp-content\/uploads\/2026\/08\/ein_winter_auf_mallorca_4-1536x1040.jpg 1536w\" sizes=\"auto, (max-width: 959px) 688px, (max-width: 1023px) 768px, (max-width: 1279px) 848px, 100vw\" \/><\/a><\/figure>\r\n\r\n\r\n\r\n<p class=\"wp-block-paragraph\">The Mallorcans naturally market the monastery, and so every year numerous tourists come to stroll through the charming village and its narrow streets. Economically this makes sense, but culturally it is at least questionable, since Sand does not speak kindly of the Mallorcans. With a sense of cultural superiority, she looks down mercilessly on the people and farmers of the island. She even goes so far as to call Mallorca the \u201cisland of monkeys,\u201d comparing its inhabitants more to animals than to humans. This is certainly borderline. At the same time, it is somewhat understandable, as Mallorca at the time was still very rural and untouched by tourism.<\/p>\r\n\r\n\r\n\r\n<blockquote class=\"wp-block-quote is-layout-flow wp-block-quote-is-layout-flow\">\r\n<p class=\"wp-block-paragraph\">&#8220;And yet the Mallorcan peasant is gentle, kind, peaceful, calm, and patient by nature. He dislikes evil and does not know good.&#8221; The rest of the passage elaborates on Sand\u2019s harsh and exaggerated comparison of the peasants to innocent animals, describing them as superstitious, unscrupulous, and distrustful of foreigners, and explaining why she and her companions jokingly referred to Mallorca as the \u201cisland of monkeys.\u201d<\/p>\r\n<\/blockquote>\r\n\r\n\r\n\r\n<p class=\"wp-block-paragraph\">It should also be mentioned that the island\u2019s inhabitants were terrified of Chopin\u2019s contagious tuberculosis. When they learned of his illness, he was immediately thrown out of the rented house and all the furniture was burned. At the same time, Sand herself was undoubtedly a cultural shock for the Mallorcans: she wore men\u2019s clothing, smoked cigars, and lived unmarried with a younger man \u2014 a full-blown scandal for the strictly Catholic, morally rigid Mallorca of the time. One must not forget: the Bierk\u00f6nig did not exist yet.<\/p>\r\n\r\n\r\n\r\n<p class=\"wp-block-paragraph\">It is also interesting that Chopin is never mentioned by name throughout the entire book. Sand always refers only to \u201cour patient\u201d or \u201ca friend artist,\u201d leaving it to the reader to realize that she is speaking of one of the most famous composers in music history.<\/p>\r\n\r\n\r\n\r\n<figure class=\"wp-block-image alignwide size-full\"><a href=\"https:\/\/www.lesestunden.de\/wp-content\/uploads\/2026\/08\/ein_winter_auf_mallorca_2.jpg\"><img loading=\"lazy\" decoding=\"async\" width=\"1920\" height=\"1588\" src=\"https:\/\/www.lesestunden.de\/wp-content\/uploads\/2026\/08\/ein_winter_auf_mallorca_2.jpg\" alt=\"Ein Winter auf Mallorca von George Sand\" class=\"wp-image-11972\" srcset=\"https:\/\/www.lesestunden.de\/wp-content\/uploads\/2026\/08\/ein_winter_auf_mallorca_2.jpg 1920w, https:\/\/www.lesestunden.de\/wp-content\/uploads\/2026\/08\/ein_winter_auf_mallorca_2-300x248.jpg 300w, https:\/\/www.lesestunden.de\/wp-content\/uploads\/2026\/08\/ein_winter_auf_mallorca_2-1024x847.jpg 1024w, https:\/\/www.lesestunden.de\/wp-content\/uploads\/2026\/08\/ein_winter_auf_mallorca_2-768x635.jpg 768w, https:\/\/www.lesestunden.de\/wp-content\/uploads\/2026\/08\/ein_winter_auf_mallorca_2-1536x1270.jpg 1536w\" sizes=\"auto, (max-width: 959px) 688px, (max-width: 1023px) 768px, (max-width: 1279px) 848px, 100vw\" \/><\/a><\/figure>\r\n\r\n\r\n\r\n<p class=\"wp-block-paragraph\">I chose the Anaconda edition. Its cover design is the prettiest, and I did not find a more bibliophilically appealing version. The B\u00fcchergilde offers an illustrated edition, but I did not find it visually convincing. The Anaconda edition is rather modest, with simple glue binding, no ribbon marker, nothing. But it is inexpensive, and you do not feel any regret if the book gets a drop of water at the pool. The translation reads pleasantly enough. Since the book is not a masterpiece, I was satisfied with a middle\u2011class translation. The translator, Carolin Wiedemeyer, delivers a solid text in my opinion.<\/p>\r\n\r\n\r\n\r\n<p class=\"wp-block-paragraph\"><strong>Conclusion:<\/strong> <em>Ein Winter auf Mallorca<\/em> is not a masterpiece, but it is an entertaining and refreshing holiday read. Especially if you have the chance to visit Valldemossa and the Charterhouse, the book is a great pleasure. For those staying at home, it is definitely not essential reading: too chatty and not focused enough \u2014 there are better travelogues. But with its roughly 250 pages, it is quickly read, and I found the third part, with Sand\u2019s own experiences and everyday observations, very enjoyable. If you want to get to know George Sand, I would rather recommend <em><a href=\"https:\/\/www.lesestunden.de\/en\/2026\/05\/nanon-george-sand\/\" title=\"Nanon\">Nanon<\/a><\/em>, which impressed me greatly. But if you plan to spend a holiday on Mallorca and have the opportunity to visit the Charterhouse, you should definitely pack this book.<\/p>\r\n\r\n\r\n\r\n<p class=\"wp-block-paragraph\"><strong>Book information:<\/strong> Ein Winter auf Mallorca \u2022 George Sand \u2022 Anaconda Verlag \u2022 256 pages \u2022 ISBN 9783730604694<\/p>\r\n\r\n","protected":false},"excerpt":{"rendered":"<p>George Sand spent the winter of 1838 to 1839 on Mallorca together with her children and Fr\u00e9d\u00e9ric Chopin. Following medical advice, the climate of the island was supposed to improve her son\u2019s health as well as Chopin\u2019s. And so the well-connected author set off with her family and her lover. Naturally, she intended to write &hellip; <\/p>\n<p><a href=\"https:\/\/www.lesestunden.de\/en\/2026\/09\/a-winter-in-majorca-george-sand\/\" class=\"more-link\">Continue reading<span class=\"screen-reader-text\"> &#8220;A Winter in Majorca \u2022 George Sand&#8221;<\/span><\/a><\/p>\n","protected":false},"author":1,"featured_media":11971,"comment_status":"open","ping_status":"open","sticky":false,"template":"","format":"standard","meta":{"slim_seo":{"title":"Ein Winter auf Mallorca \u2022 George Sand - lesestunden","description":"Den Winter von 1838 auf 1839 verbrachte George Sand mit ihren Kindern und Fr\u00e9d\u00e9ric Chopin auf Mallorca. Auf \u00e4rztlichen Rat hin sollte sich dort der Gesundheitsz"},"_jetpack_newsletter_access":"","_jetpack_dont_email_post_to_subs":false,"_jetpack_newsletter_tier_id":0,"_jetpack_memberships_contains_paywalled_content":false,"_jetpack_feature_clip_id":0,"_jetpack_memberships_contains_paid_content":false,"_slim_seo_primary_term_category":20,"_slim_seo_primary_term_post_tag":0,"footnotes":"","jetpack_post_was_ever_published":false},"categories":[10,20],"tags":[],"class_list":["post-11969","post","type-post","status-publish","format-standard","has-post-thumbnail","hentry","category-classics","category-reviews"],"jetpack_sharing_enabled":true,"jetpack_featured_media_url":"https:\/\/www.lesestunden.de\/wp-content\/uploads\/2026\/08\/ein_winter_auf_mallorca_1.jpg","_links":{"self":[{"href":"https:\/\/www.lesestunden.de\/en\/wp-json\/wp\/v2\/posts\/11969","targetHints":{"allow":["GET"]}}],"collection":[{"href":"https:\/\/www.lesestunden.de\/en\/wp-json\/wp\/v2\/posts"}],"about":[{"href":"https:\/\/www.lesestunden.de\/en\/wp-json\/wp\/v2\/types\/post"}],"author":[{"embeddable":true,"href":"https:\/\/www.lesestunden.de\/en\/wp-json\/wp\/v2\/users\/1"}],"replies":[{"embeddable":true,"href":"https:\/\/www.lesestunden.de\/en\/wp-json\/wp\/v2\/comments?post=11969"}],"version-history":[{"count":7,"href":"https:\/\/www.lesestunden.de\/en\/wp-json\/wp\/v2\/posts\/11969\/revisions"}],"predecessor-version":[{"id":11982,"href":"https:\/\/www.lesestunden.de\/en\/wp-json\/wp\/v2\/posts\/11969\/revisions\/11982"}],"wp:featuredmedia":[{"embeddable":true,"href":"https:\/\/www.lesestunden.de\/en\/wp-json\/wp\/v2\/media\/11971"}],"wp:attachment":[{"href":"https:\/\/www.lesestunden.de\/en\/wp-json\/wp\/v2\/media?parent=11969"}],"wp:term":[{"taxonomy":"category","embeddable":true,"href":"https:\/\/www.lesestunden.de\/en\/wp-json\/wp\/v2\/categories?post=11969"},{"taxonomy":"post_tag","embeddable":true,"href":"https:\/\/www.lesestunden.de\/en\/wp-json\/wp\/v2\/tags?post=11969"}],"curies":[{"name":"wp","href":"https:\/\/api.w.org\/{rel}","templated":true}]}}